{"id":1339,"date":"2020-09-19T16:46:58","date_gmt":"2020-09-19T15:46:58","guid":{"rendered":"http:\/\/www.einjahrzitate.de\/?p=1339"},"modified":"2024-11-02T19:08:03","modified_gmt":"2024-11-02T18:08:03","slug":"interview","status":"publish","type":"post","link":"https:\/\/www.einjahrzitate.de\/?p=1339","title":{"rendered":"Interview: Albert Camus &#8211; Das Absurde"},"content":{"rendered":"<h3><a href=\"https:\/\/www.einjahrzitate.de\/wp-content\/uploads\/2015\/12\/P102081.jpg\"><img loading=\"lazy\" decoding=\"async\" class=\"aligncenter size-full wp-image-1346\" src=\"https:\/\/www.einjahrzitate.de\/wp-content\/uploads\/2015\/12\/P102081.jpg\" alt=\"P102081\" width=\"800\" height=\"100\" srcset=\"https:\/\/www.einjahrzitate.de\/wp-content\/uploads\/2015\/12\/P102081.jpg 800w, https:\/\/www.einjahrzitate.de\/wp-content\/uploads\/2015\/12\/P102081-300x38.jpg 300w\" sizes=\"auto, (max-width: 800px) 100vw, 800px\" \/><\/a><\/h3>\n<h3><span style=\"color: #3366ff;\">Orelie:<\/span> Guten Tag, Herr Albert Camus, ich freue mich, Sie zu diesem Gespr\u00e4ch begr\u00fc\u00dfen zu k\u00f6nnen. Wir werden \u00fcber das Absurde in der menschlichen Existenz sprechen. Was wollen Sie als erstes dazu sagen?<\/h3>\n<h3><span style=\"color: #3366ff;\">Albert Camus:<\/span> Das Klima der Absurdit\u00e4t steht am Anfang. Das Ende ist das absurde Universum und jene Geisteshaltung, die die Welt in ihrem eigenen Licht erh\u00e4lt, um so ihr besonderes und unerbittliches Gesicht aufleuchten zu lassen, das sie zu erkennen vermag.<\/h3>\n<p>Albert Camus, <i>Der Mythos des Sisyphos, Die absurden Mauern<\/i>, Rowohlt Verlag, Reinbek bei Hamburg, Juni 2004, S.22<\/p>\n<h3><span style=\"color: #3366ff;\">Orelie:<\/span> Wann kann ein Mensch von dem Gef\u00fchl der Absurdit\u00e4t eingeholt werden?<\/h3>\n<h3><span style=\"color: #3366ff;\">Albert Camus:<\/span> Das Gef\u00fchl des Absurdit\u00e4t kann an jeder beliebigen Stra\u00dfenecke jeden beliebigen Menschen anspringen. Es ist in seiner trostlosen Nacktheit, in seinem glanzlosen Licht nicht zu fassen.<\/h3>\n<p><i>Der Mythos des Sisyphos, Die absurden Mauern<\/i>, S.20<\/p>\n<h3><span style=\"color: #3366ff;\">Orelie:<\/span> Wie kann der Mensch sich seinem absurden Leben stellen?<\/h3>\n<h3><span style=\"color: #3366ff;\">Albert Camus:<\/span> Der Mensch steht vor dem Irrationalen. Er f\u00fchlt in sich sein Verlangen nach Gl\u00fcck und Vernunft. Das Absurde entsteht aus diesem Zusammensto\u00df zwischen dem Ruf des Menschen und dem vernunftlosen Schweigen der Welt. Das d\u00fcrfen wir nicht vergessen.<\/h3>\n<p><i>Der Mythos des Sisyphos, Die absurden Mauern<\/i>,S.41<\/p>\n<h3><span style=\"color: #3366ff;\">Orelie:<\/span> Wie empfindet er hierbei die Zeit?<\/h3>\n<h3><span style=\"color: #3366ff;\">Albert Camus:<\/span> Wir leben auf die Zukunft hin: \u201emorgen\u201d, \u201esp\u00e4ter\u201d, \u201ewenn du eine Stellung haben wirst\u201d, \u201emit den Jahren wirst du&rsquo;s verstehen\u201d. Es kommt gleichwohl ein Tag, da stellt der Mensch fest oder sagt, dass er drei\u00dfig Jahre ist. Damit beteuert er seine Jugend. Zugleich aber situiert er sich im Verh\u00e4ltnis zur Zeit. Er nimmt in ihr seinen Platz ein. Er erkennt an, sich an einem bestimmten Punkt einer Kurve zu befinden, die er eingestandenerma\u00dfen durchlaufen muss. Er geh\u00f6rt der Zeit, und bei jenem Grauen, das ihn dabei packt, erkennt er in ihr seinen schlimmsten Feind.<\/h3>\n<p><i>Der Mythos des Sisyphos, Die absurden Mauern<\/i>, S.23-24<\/p>\n<h3><span style=\"color: #3366ff;\">Orelie:<\/span>\u00a0Und welche Bedeutung kommt dem Tod zu?<\/h3>\n<h3><span style=\"color: #3366ff;\">Albert Camus:<\/span> Tats\u00e4chlich gibt es vom Tod keinerlei Erfahrung. Erfahren im eigentlichen Sinne ist nur, was erlebt und bewusstgemacht wurde. Hier kann man bestenfalls von der Erfahrung des Todes der anderen sprechen. Das ist ein Ersatz, eine geistige Sicht, die uns nie sehr \u00fcberzeugt hat. Diese melancholische Konvention kann nicht \u00fcberzeugend sein. Das Grauen r\u00fchrt in Wirklichkeit von der rechnerischen Seite des Ereignisses her. Wenn die Zeit uns erschreckt, dann, weil sie den Beweis f\u00fchrt, die L\u00f6sung kommt erst hinterher. Aus dem leblosen K\u00f6rper, auf dem eine Ohrfeige kein Mal mehr hinterl\u00e4sst, ist die Seele verschwunden. Diese elementare und endg\u00fcltige Seite des Abenteuers ist der Inhalt des absurden Gef\u00fchls.<\/h3>\n<p><i>Der Mythos des Sisyphos, Die absurden Mauern<\/i>, S.25-26<\/p>\n<h3><span style=\"color: #3366ff;\">Orelie:<\/span> Was kann der Mensch gegen das Absurde in seinem Lebens unternehmen?<\/h3>\n<h3><span style=\"color: #3366ff;\">Albert Camus:<\/span> Das Absurde hat nur insofern einen Sinn, als man sich nicht mit ihm abfindet.<\/h3>\n<p><i>Der Mythos des Sisyphos, der philosophische Selbstmord<\/i>, S.46<\/p>\n<h3><span style=\"color: #3366ff;\">Orelie:<\/span> Was kann er also tun, Sie sprechen von einem Sinn, k\u00f6nnen Sie diesen aufzeigen?<\/h3>\n<h3><span style=\"color: #3366ff;\">Albert Camus:<\/span> Was ist der Kern dieses Konflikts, dieses Bruchs zwischen der Welt und meinem Geist, wenn nicht das Bewusstsein, das ich von ihm habe? Soll man auf die zerst\u00f6rende und wunderbare Wette des Absurden eingehen? Machen wir noch eine letzte Anstrengung, und ziehen wir alle unsere Schlussfolgerungen! Der K\u00f6rper, die Z\u00e4rtlichkeit, die Sch\u00f6pfung, die T\u00e4tigkeit, der menschliche Adel werden dann ihren Platz in dieser sinnlosen Welt wieder einnehmen. Der Mensch wird hier endlich den Wein des Absurden finden und das Brot der Gleichg\u00fcltigkeit, mit dem er seine Gr\u00f6\u00dfe speist.<\/h3>\n<p><i>Der Mythos des Sisyphos, Die absurde Freiheit<\/i>, S.71<\/p>\n<h3><span style=\"color: #3366ff;\">Orelie:<\/span> Herr Albert Camus, ich danke Ihnen f\u00fcr dieses Gespr\u00e4ch.<\/h3>\n<div class='watch-action'><div class='watch-position align-right'><div class='action-like'><a class='lbg-style1 like-1339 jlk' href='javascript:void(0)' data-task='like' data-post_id='1339' data-nonce='166a765446' rel='nofollow'><img class='wti-pixel' src='https:\/\/www.einjahrzitate.de\/wp-content\/plugins\/wti-like-post\/images\/pixel.gif' title='Interessant' \/><span class='lc-1339 lc'>+1<\/span><\/a><\/div><\/div> <div class='status-1339 status align-right'><\/div><\/div><div class='wti-clear'><\/div>","protected":false},"excerpt":{"rendered":"<p>Orelie: Guten Tag, Herr Albert Camus, ich freue mich, Sie zu diesem Gespr\u00e4ch begr\u00fc\u00dfen zu k\u00f6nnen. Wir werden \u00fcber das Absurde in der menschlichen Existenz sprechen. Was wollen Sie als erstes dazu sagen? Albert Camus: Das Klima der Absurdit\u00e4t steht am Anfang. Das Ende ist das absurde Universum und jene Geisteshaltung, die die Welt in [&hellip;]<\/p>\n","protected":false},"author":1,"featured_media":1346,"comment_status":"closed","ping_status":"open","sticky":false,"template":"","format":"standard","meta":{"_monsterinsights_skip_tracking":false,"_monsterinsights_sitenote_active":false,"_monsterinsights_sitenote_note":"","_monsterinsights_sitenote_category":0,"footnotes":""},"categories":[13],"tags":[29,47],"class_list":["post-1339","post","type-post","status-publish","format-standard","has-post-thumbnail","hentry","category-camus","tag-albert-camus","tag-existenzielle-themen"],"_links":{"self":[{"href":"https:\/\/www.einjahrzitate.de\/index.php?rest_route=\/wp\/v2\/posts\/1339","targetHints":{"allow":["GET"]}}],"collection":[{"href":"https:\/\/www.einjahrzitate.de\/index.php?rest_route=\/wp\/v2\/posts"}],"about":[{"href":"https:\/\/www.einjahrzitate.de\/index.php?rest_route=\/wp\/v2\/types\/post"}],"author":[{"embeddable":true,"href":"https:\/\/www.einjahrzitate.de\/index.php?rest_route=\/wp\/v2\/users\/1"}],"replies":[{"embeddable":true,"href":"https:\/\/www.einjahrzitate.de\/index.php?rest_route=%2Fwp%2Fv2%2Fcomments&post=1339"}],"version-history":[{"count":0,"href":"https:\/\/www.einjahrzitate.de\/index.php?rest_route=\/wp\/v2\/posts\/1339\/revisions"}],"wp:featuredmedia":[{"embeddable":true,"href":"https:\/\/www.einjahrzitate.de\/index.php?rest_route=\/wp\/v2\/media\/1346"}],"wp:attachment":[{"href":"https:\/\/www.einjahrzitate.de\/index.php?rest_route=%2Fwp%2Fv2%2Fmedia&parent=1339"}],"wp:term":[{"taxonomy":"category","embeddable":true,"href":"https:\/\/www.einjahrzitate.de\/index.php?rest_route=%2Fwp%2Fv2%2Fcategories&post=1339"},{"taxonomy":"post_tag","embeddable":true,"href":"https:\/\/www.einjahrzitate.de\/index.php?rest_route=%2Fwp%2Fv2%2Ftags&post=1339"}],"curies":[{"name":"wp","href":"https:\/\/api.w.org\/{rel}","templated":true}]}}